{"id":3117,"date":"2017-04-19T11:45:11","date_gmt":"2017-04-19T11:45:11","guid":{"rendered":"http:\/\/analisisreig.creacomtest.com\/pla-de-seguridad-alimentaria\/"},"modified":"2021-07-21T11:46:58","modified_gmt":"2021-07-21T11:46:58","slug":"pla-de-seguridad-alimentaria","status":"publish","type":"post","link":"https:\/\/analisisreig.cat\/es\/pla-de-seguridad-alimentaria\/","title":{"rendered":"Pla de seguridad alimentaria"},"content":{"rendered":"\t\t<div data-elementor-type=\"wp-post\" data-elementor-id=\"3117\" class=\"elementor elementor-3117 elementor-1951\">\n\t\t\t\t\t\t<section class=\"elementor-section elementor-top-section elementor-element elementor-element-629388f elementor-section-stretched elementor-section-boxed elementor-section-height-default elementor-section-height-default\" data-id=\"629388f\" data-element_type=\"section\" data-e-type=\"section\" data-settings=\"{&quot;background_background&quot;:&quot;classic&quot;,&quot;stretch_section&quot;:&quot;section-stretched&quot;}\">\n\t\t\t\t\t\t\t<div class=\"elementor-background-overlay\"><\/div>\n\t\t\t\t\t\t\t<div class=\"elementor-container elementor-column-gap-no\">\n\t\t\t\t\t<div class=\"elementor-column elementor-col-100 elementor-top-column elementor-element elementor-element-d02c7ae\" data-id=\"d02c7ae\" data-element_type=\"column\" data-e-type=\"column\">\n\t\t\t<div class=\"elementor-widget-wrap elementor-element-populated\">\n\t\t\t\t\t\t<div class=\"elementor-element elementor-element-f498700 elementor-widget elementor-widget-heading\" data-id=\"f498700\" data-element_type=\"widget\" data-e-type=\"widget\" data-widget_type=\"heading.default\">\n\t\t\t\t<div class=\"elementor-widget-container\">\n\t\t\t\t\t<h1 class=\"elementor-heading-title elementor-size-default\">Pla de seguridad alimentaria<\/h1>\t\t\t\t<\/div>\n\t\t\t\t<\/div>\n\t\t\t\t\t<\/div>\n\t\t<\/div>\n\t\t\t\t\t<\/div>\n\t\t<\/section>\n\t\t\t\t<section class=\"elementor-section elementor-top-section elementor-element elementor-element-27d3f3c elementor-section-boxed elementor-section-height-default elementor-section-height-default\" data-id=\"27d3f3c\" data-element_type=\"section\" data-e-type=\"section\">\n\t\t\t\t\t\t<div class=\"elementor-container elementor-column-gap-default\">\n\t\t\t\t\t<div class=\"elementor-column elementor-col-100 elementor-top-column elementor-element elementor-element-892a56a\" data-id=\"892a56a\" data-element_type=\"column\" data-e-type=\"column\">\n\t\t\t<div class=\"elementor-widget-wrap elementor-element-populated\">\n\t\t\t\t\t\t<div class=\"elementor-element elementor-element-88e4e88 elementor-widget elementor-widget-text-editor\" data-id=\"88e4e88\" data-element_type=\"widget\" data-e-type=\"widget\" data-widget_type=\"text-editor.default\">\n\t\t\t\t<div class=\"elementor-widget-container\">\n\t\t\t\t\t\t\t\t\t<p><\/p>\n<p>El Plan de seguridad alimentaria de Catalu\u00f1a tiene que ser el instrumento indicativo y el marco de referencia de la Administraci\u00f3n de la Generalitat y de los entes locales de Catalu\u00f1a para todas las acciones p\u00fablicas en esta materia. El Plan tiene una vigencia de cinco a\u00f1os y comprende las l\u00edneas directivas de las actuaciones que se implementar\u00e1n para lograr sus objetivos. El Plan de seguridad alimentaria de Catalu\u00f1a tiene que incluir:<\/p>\n<p><\/p>\n\t\t\t\t\t\t\t\t<\/div>\n\t\t\t\t<\/div>\n\t\t\t\t<section class=\"elementor-section elementor-inner-section elementor-element elementor-element-cc5a862 elementor-reverse-tablet elementor-reverse-mobile elementor-section-boxed elementor-section-height-default elementor-section-height-default\" data-id=\"cc5a862\" data-element_type=\"section\" data-e-type=\"section\">\n\t\t\t\t\t\t<div class=\"elementor-container elementor-column-gap-default\">\n\t\t\t\t\t<div class=\"elementor-column elementor-col-50 elementor-inner-column elementor-element elementor-element-7c00e9a\" data-id=\"7c00e9a\" data-element_type=\"column\" data-e-type=\"column\">\n\t\t\t<div class=\"elementor-widget-wrap elementor-element-populated\">\n\t\t\t\t\t\t<div class=\"elementor-element elementor-element-15d8bdc elementor-widget elementor-widget-text-editor\" data-id=\"15d8bdc\" data-element_type=\"widget\" data-e-type=\"widget\" data-widget_type=\"text-editor.default\">\n\t\t\t\t<div class=\"elementor-widget-container\">\n\t\t\t\t\t\t\t\t\t<p>1. Los objetivos y los niveles que se quieren lograr en cuanto al control sanitario de alimentos y a los \u00e1mbitos relacionados directa o indirectamente con la seguridad alimentaria: la sanidad, la nutrici\u00f3n y el bienestar de los animales; la sanidad vegetal; los productos zoosanitarios y fitosanitarios, y la contaminaci\u00f3n ambiental.<\/p>\n<p>2. El conjunto de los servicios, los programas y las actuaciones que se tienen que desarrollar.<\/p>\n<p>3. Los mecanismos de evaluaci\u00f3n de la aplicaci\u00f3n y el seguimiento del Plan.<\/p>\n\t\t\t\t\t\t\t\t<\/div>\n\t\t\t\t<\/div>\n\t\t\t\t\t<\/div>\n\t\t<\/div>\n\t\t\t\t<div class=\"elementor-column elementor-col-50 elementor-inner-column elementor-element elementor-element-9b12e2c\" data-id=\"9b12e2c\" data-element_type=\"column\" data-e-type=\"column\">\n\t\t\t<div class=\"elementor-widget-wrap elementor-element-populated\">\n\t\t\t\t\t\t<div class=\"elementor-element elementor-element-ac91733 elementor-widget elementor-widget-image\" data-id=\"ac91733\" data-element_type=\"widget\" data-e-type=\"widget\" data-widget_type=\"image.default\">\n\t\t\t\t<div class=\"elementor-widget-container\">\n\t\t\t\t\t\t\t\t\t\t\t\t\t\t\t<img fetchpriority=\"high\" decoding=\"async\" width=\"1024\" height=\"683\" src=\"https:\/\/analisisreig.cat\/wp-content\/uploads\/2017\/04\/jimmy-dean-Yn0l7uwBrpw-unsplash-1024x683.jpg\" class=\"attachment-large size-large wp-image-2886\" alt=\"\" srcset=\"https:\/\/analisisreig.cat\/wp-content\/uploads\/2017\/04\/jimmy-dean-Yn0l7uwBrpw-unsplash-1024x683.jpg 1024w, https:\/\/analisisreig.cat\/wp-content\/uploads\/2017\/04\/jimmy-dean-Yn0l7uwBrpw-unsplash-300x200.jpg 300w, https:\/\/analisisreig.cat\/wp-content\/uploads\/2017\/04\/jimmy-dean-Yn0l7uwBrpw-unsplash-768x512.jpg 768w, https:\/\/analisisreig.cat\/wp-content\/uploads\/2017\/04\/jimmy-dean-Yn0l7uwBrpw-unsplash-1536x1024.jpg 1536w, https:\/\/analisisreig.cat\/wp-content\/uploads\/2017\/04\/jimmy-dean-Yn0l7uwBrpw-unsplash-2048x1365.jpg 2048w, https:\/\/analisisreig.cat\/wp-content\/uploads\/2017\/04\/jimmy-dean-Yn0l7uwBrpw-unsplash-600x400.jpg 600w\" sizes=\"(max-width: 1024px) 100vw, 1024px\" \/>\t\t\t\t\t\t\t\t\t\t\t\t\t\t\t<\/div>\n\t\t\t\t<\/div>\n\t\t\t\t\t<\/div>\n\t\t<\/div>\n\t\t\t\t\t<\/div>\n\t\t<\/section>\n\t\t\t\t<section class=\"elementor-section elementor-inner-section elementor-element elementor-element-d42be90 elementor-section-boxed elementor-section-height-default elementor-section-height-default\" data-id=\"d42be90\" data-element_type=\"section\" data-e-type=\"section\">\n\t\t\t\t\t\t<div class=\"elementor-container elementor-column-gap-default\">\n\t\t\t\t\t<div class=\"elementor-column elementor-col-33 elementor-inner-column elementor-element elementor-element-9eebb42 elementor-hidden-desktop elementor-hidden-phone\" data-id=\"9eebb42\" data-element_type=\"column\" data-e-type=\"column\">\n\t\t\t<div class=\"elementor-widget-wrap\">\n\t\t\t\t\t\t\t<\/div>\n\t\t<\/div>\n\t\t\t\t<div class=\"elementor-column elementor-col-33 elementor-inner-column elementor-element elementor-element-a2eb6d5\" data-id=\"a2eb6d5\" data-element_type=\"column\" data-e-type=\"column\">\n\t\t\t<div class=\"elementor-widget-wrap elementor-element-populated\">\n\t\t\t\t\t\t<div class=\"elementor-element elementor-element-f8a0cc8 elementor-widget elementor-widget-video\" data-id=\"f8a0cc8\" data-element_type=\"widget\" data-e-type=\"widget\" data-settings=\"{&quot;youtube_url&quot;:&quot;https:\\\/\\\/youtu.be\\\/_uTM-pEgz9Y&quot;,&quot;video_type&quot;:&quot;youtube&quot;,&quot;controls&quot;:&quot;yes&quot;}\" data-widget_type=\"video.default\">\n\t\t\t\t<div class=\"elementor-widget-container\">\n\t\t\t\t\t\t\t<div class=\"elementor-wrapper elementor-open-inline\">\n\t\t\t<div class=\"elementor-video\"><\/div>\t\t<\/div>\n\t\t\t\t\t\t<\/div>\n\t\t\t\t<\/div>\n\t\t\t\t\t<\/div>\n\t\t<\/div>\n\t\t\t\t<div class=\"elementor-column elementor-col-33 elementor-inner-column elementor-element elementor-element-fe403a1\" data-id=\"fe403a1\" data-element_type=\"column\" data-e-type=\"column\">\n\t\t\t<div class=\"elementor-widget-wrap elementor-element-populated\">\n\t\t\t\t\t\t<div class=\"elementor-element elementor-element-f10527e elementor-widget elementor-widget-text-editor\" data-id=\"f10527e\" data-element_type=\"widget\" data-e-type=\"widget\" data-widget_type=\"text-editor.default\">\n\t\t\t\t<div class=\"elementor-widget-container\">\n\t\t\t\t\t\t\t\t\t<p>En el dise\u00f1o del Pla se tienen que tener en cuenta las particularidades de la situaci\u00f3n de partida, a la cual se aportan los valores a\u00f1adidos de la planificaci\u00f3n estrat\u00e9gica, la visi\u00f3n integrada y la transversalidad a lo largo de la cadena alimentaria y del <b>proceso de an\u00e1lisis <\/b>del riesgo, as\u00ed como el impulso de la <b>mejora continuada <\/b>en cooperaci\u00f3n, coordinaci\u00f3n y eficiencia de las acciones en seguridad alimentaria. Para su elaboraci\u00f3n se aplican de forma combinada las metodolog\u00edas de an\u00e1lisis del riesgo y de planificaci\u00f3n por objetivos, a partir del referente que suponen los principios de las pol\u00edticas de seguridad alimentaria establecidos a la <b>normativa europea<\/b>. <\/p>\n\t\t\t\t\t\t\t\t<\/div>\n\t\t\t\t<\/div>\n\t\t\t\t\t<\/div>\n\t\t<\/div>\n\t\t\t\t\t<\/div>\n\t\t<\/section>\n\t\t\t\t<div class=\"elementor-element elementor-element-758de38 elementor-widget elementor-widget-text-editor\" data-id=\"758de38\" data-element_type=\"widget\" data-e-type=\"widget\" data-widget_type=\"text-editor.default\">\n\t\t\t\t<div class=\"elementor-widget-container\">\n\t\t\t\t\t\t\t\t\t<p>Partiendo de la definici\u00f3n de la misi\u00f3n y de los objetivos a que est\u00e1 orientado, el Plan se tiene que estructurar en varios \u00e1mbitos dentro de dos bloques fundamentales: el <b>an\u00e1lisis del riesgo<\/b> y la mejora <b>de la cooperaci\u00f3n<\/b>, y la eficiencia y la coordinaci\u00f3n. A cada uno de los \u00e1mbitos previstos se tienen que definir los objetivos espec\u00edficos y los objetivos operacionales, as\u00ed como las intervenciones que se implementar\u00e1n para lograrlos. Para cada objetivo se tiene que definir un plazo de referencia, as\u00ed como los indicadores y los criterios que se utilizar\u00e1n en su seguimiento y su evaluaci\u00f3n. Se formulan objetivos espec\u00edficos con un horizonte temporal de 10 a\u00f1os y objetivos operacionales con un horizonte temporal de 5 a\u00f1os, a pesar de que se prev\u00e9 hacer un seguimiento anual de la evoluci\u00f3n en cada \u00e1mbito. El Plan tiene que ser aprobado por el Gobierno de la Generalitat.<\/p><p><a href=\"http:\/\/acsa.gencat.cat\/ca\/agencia\/pla-seguretat-alimentaria\/\">Fuente de informaci\u00f3n<\/a><\/p>\t\t\t\t\t\t\t\t<\/div>\n\t\t\t\t<\/div>\n\t\t\t\t\t<\/div>\n\t\t<\/div>\n\t\t\t\t\t<\/div>\n\t\t<\/section>\n\t\t\t\t<section class=\"elementor-section elementor-top-section elementor-element elementor-element-b0d8786 elementor-section-boxed elementor-section-height-default elementor-section-height-default\" data-id=\"b0d8786\" data-element_type=\"section\" data-e-type=\"section\">\n\t\t\t\t\t\t<div class=\"elementor-container elementor-column-gap-default\">\n\t\t\t\t\t<div class=\"elementor-column elementor-col-100 elementor-top-column elementor-element elementor-element-600abf0\" data-id=\"600abf0\" data-element_type=\"column\" data-e-type=\"column\">\n\t\t\t<div class=\"elementor-widget-wrap elementor-element-populated\">\n\t\t\t\t\t\t<div class=\"elementor-element elementor-element-7918cc0 elementor-align-left elementor-widget elementor-widget-button\" data-id=\"7918cc0\" data-element_type=\"widget\" data-e-type=\"widget\" data-widget_type=\"button.default\">\n\t\t\t\t<div class=\"elementor-widget-container\">\n\t\t\t\t\t\t\t\t\t<div class=\"elementor-button-wrapper\">\n\t\t\t\t\t<a class=\"elementor-button elementor-button-link elementor-size-sm\" href=\"https:\/\/analisisreig.cat\/noticias\/?lang=es\">\n\t\t\t\t\t\t<span class=\"elementor-button-content-wrapper\">\n\t\t\t\t\t\t\t\t\t<span class=\"elementor-button-text\">\u2190 Volver<\/span>\n\t\t\t\t\t<\/span>\n\t\t\t\t\t<\/a>\n\t\t\t\t<\/div>\n\t\t\t\t\t\t\t\t<\/div>\n\t\t\t\t<\/div>\n\t\t\t\t\t<\/div>\n\t\t<\/div>\n\t\t\t\t\t<\/div>\n\t\t<\/section>\n\t\t\t\t<\/div>\n\t\t","protected":false},"excerpt":{"rendered":"<p>Pla de seguridad alimentaria El Plan de seguridad alimentaria de Catalu\u00f1a tiene que ser el instrumento indicativo y el marco de referencia de la Administraci\u00f3n de la Generalitat y de los entes locales de Catalu\u00f1a para todas las acciones p\u00fablicas en esta materia. El Plan tiene una vigencia de cinco a\u00f1os y comprende las l\u00edneas [&hellip;]<\/p>\n","protected":false},"author":1,"featured_media":2887,"comment_status":"open","ping_status":"closed","sticky":false,"template":"elementor_header_footer","format":"standard","meta":{"site-sidebar-layout":"default","site-content-layout":"default","ast-site-content-layout":"","site-content-style":"default","site-sidebar-style":"default","ast-global-header-display":"","ast-banner-title-visibility":"","ast-main-header-display":"","ast-hfb-above-header-display":"","ast-hfb-below-header-display":"","ast-hfb-mobile-header-display":"","site-post-title":"","ast-breadcrumbs-content":"","ast-featured-img":"","footer-sml-layout":"","theme-transparent-header-meta":"default","adv-header-id-meta":"","stick-header-meta":"","header-above-stick-meta":"","header-main-stick-meta":"","header-below-stick-meta":"","astra-migrate-meta-layouts":"default","ast-page-background-enabled":"default","ast-page-background-meta":{"desktop":{"background-color":"","background-image":"","background-repeat":"repeat","background-position":"center center","background-size":"auto","background-attachment":"scroll","background-type":"","background-media":"","overlay-type":"","overlay-color":"","overlay-opacity":"","overlay-gradient":""},"tablet":{"background-color":"","background-image":"","background-repeat":"repeat","background-position":"center center","background-size":"auto","background-attachment":"scroll","background-type":"","background-media":"","overlay-type":"","overlay-color":"","overlay-opacity":"","overlay-gradient":""},"mobile":{"background-color":"","background-image":"","background-repeat":"repeat","background-position":"center center","background-size":"auto","background-attachment":"scroll","background-type":"","background-media":"","overlay-type":"","overlay-color":"","overlay-opacity":"","overlay-gradient":""}},"ast-content-background-meta":{"desktop":{"background-color":"var(--ast-global-color-5)","background-image":"","background-repeat":"repeat","background-position":"center center","background-size":"auto","background-attachment":"scroll","background-type":"","background-media":"","overlay-type":"","overlay-color":"","overlay-opacity":"","overlay-gradient":""},"tablet":{"background-color":"var(--ast-global-color-5)","background-image":"","background-repeat":"repeat","background-position":"center center","background-size":"auto","background-attachment":"scroll","background-type":"","background-media":"","overlay-type":"","overlay-color":"","overlay-opacity":"","overlay-gradient":""},"mobile":{"background-color":"var(--ast-global-color-5)","background-image":"","background-repeat":"repeat","background-position":"center center","background-size":"auto","background-attachment":"scroll","background-type":"","background-media":"","overlay-type":"","overlay-color":"","overlay-opacity":"","overlay-gradient":""}},"footnotes":""},"categories":[49],"tags":[],"class_list":["post-3117","post","type-post","status-publish","format-standard","has-post-thumbnail","hentry","category-sin-categorizar"],"yoast_head":"<!-- This site is optimized with the Yoast SEO plugin v27.5 - https:\/\/yoast.com\/product\/yoast-seo-wordpress\/ -->\n<title>Pla de seguridad alimentaria - An\u00e0lisis Reig<\/title>\n<meta name=\"robots\" content=\"index, follow, max-snippet:-1, max-image-preview:large, max-video-preview:-1\" \/>\n<link rel=\"canonical\" href=\"https:\/\/analisisreig.cat\/es\/pla-de-seguridad-alimentaria\/\" \/>\n<meta property=\"og:locale\" content=\"es_ES\" \/>\n<meta property=\"og:type\" content=\"article\" \/>\n<meta property=\"og:title\" content=\"Pla de seguridad alimentaria - An\u00e0lisis Reig\" \/>\n<meta property=\"og:description\" content=\"Pla de seguridad alimentaria El Plan de seguridad alimentaria de Catalu\u00f1a tiene que ser el instrumento indicativo y el marco de referencia de la Administraci\u00f3n de la Generalitat y de los entes locales de Catalu\u00f1a para todas las acciones p\u00fablicas en esta materia. El Plan tiene una vigencia de cinco a\u00f1os y comprende las l\u00edneas [&hellip;]\" \/>\n<meta property=\"og:url\" content=\"https:\/\/analisisreig.cat\/es\/pla-de-seguridad-alimentaria\/\" \/>\n<meta property=\"og:site_name\" content=\"An\u00e0lisis Reig\" \/>\n<meta property=\"article:published_time\" content=\"2017-04-19T11:45:11+00:00\" \/>\n<meta property=\"article:modified_time\" content=\"2021-07-21T11:46:58+00:00\" \/>\n<meta property=\"og:image\" content=\"https:\/\/analisisreig.cat\/wp-content\/uploads\/2017\/04\/william-felker-fqkrXYMosT4-unsplash.jpg\" \/>\n\t<meta property=\"og:image:width\" content=\"2448\" \/>\n\t<meta property=\"og:image:height\" content=\"2448\" \/>\n\t<meta property=\"og:image:type\" content=\"image\/jpeg\" \/>\n<meta name=\"author\" content=\"4dm1n-areig\" \/>\n<meta name=\"twitter:card\" content=\"summary_large_image\" \/>\n<meta name=\"twitter:label1\" content=\"Escrito por\" \/>\n\t<meta name=\"twitter:data1\" content=\"4dm1n-areig\" \/>\n\t<meta name=\"twitter:label2\" content=\"Tiempo de lectura\" \/>\n\t<meta name=\"twitter:data2\" content=\"3 minutos\" \/>\n<script type=\"application\/ld+json\" class=\"yoast-schema-graph\">{\"@context\":\"https:\\\/\\\/schema.org\",\"@graph\":[{\"@type\":\"Article\",\"@id\":\"https:\\\/\\\/analisisreig.cat\\\/es\\\/pla-de-seguridad-alimentaria\\\/#article\",\"isPartOf\":{\"@id\":\"https:\\\/\\\/analisisreig.cat\\\/es\\\/pla-de-seguridad-alimentaria\\\/\"},\"author\":{\"name\":\"4dm1n-areig\",\"@id\":\"https:\\\/\\\/analisisreig.cat\\\/#\\\/schema\\\/person\\\/2749f5e8fd3291de575566cc0c69fcae\"},\"headline\":\"Pla de seguridad alimentaria\",\"datePublished\":\"2017-04-19T11:45:11+00:00\",\"dateModified\":\"2021-07-21T11:46:58+00:00\",\"mainEntityOfPage\":{\"@id\":\"https:\\\/\\\/analisisreig.cat\\\/es\\\/pla-de-seguridad-alimentaria\\\/\"},\"wordCount\":458,\"commentCount\":0,\"image\":{\"@id\":\"https:\\\/\\\/analisisreig.cat\\\/es\\\/pla-de-seguridad-alimentaria\\\/#primaryimage\"},\"thumbnailUrl\":\"https:\\\/\\\/analisisreig.cat\\\/wp-content\\\/uploads\\\/2017\\\/04\\\/william-felker-fqkrXYMosT4-unsplash.jpg\",\"articleSection\":[\"Sin categorizar\"],\"inLanguage\":\"es\",\"potentialAction\":[{\"@type\":\"CommentAction\",\"name\":\"Comment\",\"target\":[\"https:\\\/\\\/analisisreig.cat\\\/es\\\/pla-de-seguridad-alimentaria\\\/#respond\"]}]},{\"@type\":\"WebPage\",\"@id\":\"https:\\\/\\\/analisisreig.cat\\\/es\\\/pla-de-seguridad-alimentaria\\\/\",\"url\":\"https:\\\/\\\/analisisreig.cat\\\/es\\\/pla-de-seguridad-alimentaria\\\/\",\"name\":\"Pla de seguridad alimentaria - An\u00e0lisis Reig\",\"isPartOf\":{\"@id\":\"https:\\\/\\\/analisisreig.cat\\\/#website\"},\"primaryImageOfPage\":{\"@id\":\"https:\\\/\\\/analisisreig.cat\\\/es\\\/pla-de-seguridad-alimentaria\\\/#primaryimage\"},\"image\":{\"@id\":\"https:\\\/\\\/analisisreig.cat\\\/es\\\/pla-de-seguridad-alimentaria\\\/#primaryimage\"},\"thumbnailUrl\":\"https:\\\/\\\/analisisreig.cat\\\/wp-content\\\/uploads\\\/2017\\\/04\\\/william-felker-fqkrXYMosT4-unsplash.jpg\",\"datePublished\":\"2017-04-19T11:45:11+00:00\",\"dateModified\":\"2021-07-21T11:46:58+00:00\",\"author\":{\"@id\":\"https:\\\/\\\/analisisreig.cat\\\/#\\\/schema\\\/person\\\/2749f5e8fd3291de575566cc0c69fcae\"},\"breadcrumb\":{\"@id\":\"https:\\\/\\\/analisisreig.cat\\\/es\\\/pla-de-seguridad-alimentaria\\\/#breadcrumb\"},\"inLanguage\":\"es\",\"potentialAction\":[{\"@type\":\"ReadAction\",\"target\":[\"https:\\\/\\\/analisisreig.cat\\\/es\\\/pla-de-seguridad-alimentaria\\\/\"]}]},{\"@type\":\"ImageObject\",\"inLanguage\":\"es\",\"@id\":\"https:\\\/\\\/analisisreig.cat\\\/es\\\/pla-de-seguridad-alimentaria\\\/#primaryimage\",\"url\":\"https:\\\/\\\/analisisreig.cat\\\/wp-content\\\/uploads\\\/2017\\\/04\\\/william-felker-fqkrXYMosT4-unsplash.jpg\",\"contentUrl\":\"https:\\\/\\\/analisisreig.cat\\\/wp-content\\\/uploads\\\/2017\\\/04\\\/william-felker-fqkrXYMosT4-unsplash.jpg\",\"width\":2448,\"height\":2448},{\"@type\":\"BreadcrumbList\",\"@id\":\"https:\\\/\\\/analisisreig.cat\\\/es\\\/pla-de-seguridad-alimentaria\\\/#breadcrumb\",\"itemListElement\":[{\"@type\":\"ListItem\",\"position\":1,\"name\":\"Portada\",\"item\":\"https:\\\/\\\/analisisreig.cat\\\/es\\\/\"},{\"@type\":\"ListItem\",\"position\":2,\"name\":\"Pla de seguridad alimentaria\"}]},{\"@type\":\"WebSite\",\"@id\":\"https:\\\/\\\/analisisreig.cat\\\/#website\",\"url\":\"https:\\\/\\\/analisisreig.cat\\\/\",\"name\":\"An\u00e0lisis Reig\",\"description\":\"An\u00e0lisis Reig\",\"potentialAction\":[{\"@type\":\"SearchAction\",\"target\":{\"@type\":\"EntryPoint\",\"urlTemplate\":\"https:\\\/\\\/analisisreig.cat\\\/?s={search_term_string}\"},\"query-input\":{\"@type\":\"PropertyValueSpecification\",\"valueRequired\":true,\"valueName\":\"search_term_string\"}}],\"inLanguage\":\"es\"},{\"@type\":\"Person\",\"@id\":\"https:\\\/\\\/analisisreig.cat\\\/#\\\/schema\\\/person\\\/2749f5e8fd3291de575566cc0c69fcae\",\"name\":\"4dm1n-areig\",\"image\":{\"@type\":\"ImageObject\",\"inLanguage\":\"es\",\"@id\":\"https:\\\/\\\/secure.gravatar.com\\\/avatar\\\/4bb6d5e5dac78670820e21a51ff9b6d9fed874082bc9a3567afad678723dba4b?s=96&d=mm&r=g\",\"url\":\"https:\\\/\\\/secure.gravatar.com\\\/avatar\\\/4bb6d5e5dac78670820e21a51ff9b6d9fed874082bc9a3567afad678723dba4b?s=96&d=mm&r=g\",\"contentUrl\":\"https:\\\/\\\/secure.gravatar.com\\\/avatar\\\/4bb6d5e5dac78670820e21a51ff9b6d9fed874082bc9a3567afad678723dba4b?s=96&d=mm&r=g\",\"caption\":\"4dm1n-areig\"},\"sameAs\":[\"https:\\\/\\\/analisisreig.cat\"],\"url\":\"https:\\\/\\\/analisisreig.cat\\\/es\\\/author\\\/4dm1n-areig\\\/\"}]}<\/script>\n<!-- \/ Yoast SEO plugin. -->","yoast_head_json":{"title":"Pla de seguridad alimentaria - An\u00e0lisis Reig","robots":{"index":"index","follow":"follow","max-snippet":"max-snippet:-1","max-image-preview":"max-image-preview:large","max-video-preview":"max-video-preview:-1"},"canonical":"https:\/\/analisisreig.cat\/es\/pla-de-seguridad-alimentaria\/","og_locale":"es_ES","og_type":"article","og_title":"Pla de seguridad alimentaria - An\u00e0lisis Reig","og_description":"Pla de seguridad alimentaria El Plan de seguridad alimentaria de Catalu\u00f1a tiene que ser el instrumento indicativo y el marco de referencia de la Administraci\u00f3n de la Generalitat y de los entes locales de Catalu\u00f1a para todas las acciones p\u00fablicas en esta materia. El Plan tiene una vigencia de cinco a\u00f1os y comprende las l\u00edneas [&hellip;]","og_url":"https:\/\/analisisreig.cat\/es\/pla-de-seguridad-alimentaria\/","og_site_name":"An\u00e0lisis Reig","article_published_time":"2017-04-19T11:45:11+00:00","article_modified_time":"2021-07-21T11:46:58+00:00","og_image":[{"width":2448,"height":2448,"url":"https:\/\/analisisreig.cat\/wp-content\/uploads\/2017\/04\/william-felker-fqkrXYMosT4-unsplash.jpg","type":"image\/jpeg"}],"author":"4dm1n-areig","twitter_card":"summary_large_image","twitter_misc":{"Escrito por":"4dm1n-areig","Tiempo de lectura":"3 minutos"},"schema":{"@context":"https:\/\/schema.org","@graph":[{"@type":"Article","@id":"https:\/\/analisisreig.cat\/es\/pla-de-seguridad-alimentaria\/#article","isPartOf":{"@id":"https:\/\/analisisreig.cat\/es\/pla-de-seguridad-alimentaria\/"},"author":{"name":"4dm1n-areig","@id":"https:\/\/analisisreig.cat\/#\/schema\/person\/2749f5e8fd3291de575566cc0c69fcae"},"headline":"Pla de seguridad alimentaria","datePublished":"2017-04-19T11:45:11+00:00","dateModified":"2021-07-21T11:46:58+00:00","mainEntityOfPage":{"@id":"https:\/\/analisisreig.cat\/es\/pla-de-seguridad-alimentaria\/"},"wordCount":458,"commentCount":0,"image":{"@id":"https:\/\/analisisreig.cat\/es\/pla-de-seguridad-alimentaria\/#primaryimage"},"thumbnailUrl":"https:\/\/analisisreig.cat\/wp-content\/uploads\/2017\/04\/william-felker-fqkrXYMosT4-unsplash.jpg","articleSection":["Sin categorizar"],"inLanguage":"es","potentialAction":[{"@type":"CommentAction","name":"Comment","target":["https:\/\/analisisreig.cat\/es\/pla-de-seguridad-alimentaria\/#respond"]}]},{"@type":"WebPage","@id":"https:\/\/analisisreig.cat\/es\/pla-de-seguridad-alimentaria\/","url":"https:\/\/analisisreig.cat\/es\/pla-de-seguridad-alimentaria\/","name":"Pla de seguridad alimentaria - An\u00e0lisis Reig","isPartOf":{"@id":"https:\/\/analisisreig.cat\/#website"},"primaryImageOfPage":{"@id":"https:\/\/analisisreig.cat\/es\/pla-de-seguridad-alimentaria\/#primaryimage"},"image":{"@id":"https:\/\/analisisreig.cat\/es\/pla-de-seguridad-alimentaria\/#primaryimage"},"thumbnailUrl":"https:\/\/analisisreig.cat\/wp-content\/uploads\/2017\/04\/william-felker-fqkrXYMosT4-unsplash.jpg","datePublished":"2017-04-19T11:45:11+00:00","dateModified":"2021-07-21T11:46:58+00:00","author":{"@id":"https:\/\/analisisreig.cat\/#\/schema\/person\/2749f5e8fd3291de575566cc0c69fcae"},"breadcrumb":{"@id":"https:\/\/analisisreig.cat\/es\/pla-de-seguridad-alimentaria\/#breadcrumb"},"inLanguage":"es","potentialAction":[{"@type":"ReadAction","target":["https:\/\/analisisreig.cat\/es\/pla-de-seguridad-alimentaria\/"]}]},{"@type":"ImageObject","inLanguage":"es","@id":"https:\/\/analisisreig.cat\/es\/pla-de-seguridad-alimentaria\/#primaryimage","url":"https:\/\/analisisreig.cat\/wp-content\/uploads\/2017\/04\/william-felker-fqkrXYMosT4-unsplash.jpg","contentUrl":"https:\/\/analisisreig.cat\/wp-content\/uploads\/2017\/04\/william-felker-fqkrXYMosT4-unsplash.jpg","width":2448,"height":2448},{"@type":"BreadcrumbList","@id":"https:\/\/analisisreig.cat\/es\/pla-de-seguridad-alimentaria\/#breadcrumb","itemListElement":[{"@type":"ListItem","position":1,"name":"Portada","item":"https:\/\/analisisreig.cat\/es\/"},{"@type":"ListItem","position":2,"name":"Pla de seguridad alimentaria"}]},{"@type":"WebSite","@id":"https:\/\/analisisreig.cat\/#website","url":"https:\/\/analisisreig.cat\/","name":"An\u00e0lisis Reig","description":"An\u00e0lisis Reig","potentialAction":[{"@type":"SearchAction","target":{"@type":"EntryPoint","urlTemplate":"https:\/\/analisisreig.cat\/?s={search_term_string}"},"query-input":{"@type":"PropertyValueSpecification","valueRequired":true,"valueName":"search_term_string"}}],"inLanguage":"es"},{"@type":"Person","@id":"https:\/\/analisisreig.cat\/#\/schema\/person\/2749f5e8fd3291de575566cc0c69fcae","name":"4dm1n-areig","image":{"@type":"ImageObject","inLanguage":"es","@id":"https:\/\/secure.gravatar.com\/avatar\/4bb6d5e5dac78670820e21a51ff9b6d9fed874082bc9a3567afad678723dba4b?s=96&d=mm&r=g","url":"https:\/\/secure.gravatar.com\/avatar\/4bb6d5e5dac78670820e21a51ff9b6d9fed874082bc9a3567afad678723dba4b?s=96&d=mm&r=g","contentUrl":"https:\/\/secure.gravatar.com\/avatar\/4bb6d5e5dac78670820e21a51ff9b6d9fed874082bc9a3567afad678723dba4b?s=96&d=mm&r=g","caption":"4dm1n-areig"},"sameAs":["https:\/\/analisisreig.cat"],"url":"https:\/\/analisisreig.cat\/es\/author\/4dm1n-areig\/"}]}},"_links":{"self":[{"href":"https:\/\/analisisreig.cat\/es\/wp-json\/wp\/v2\/posts\/3117","targetHints":{"allow":["GET"]}}],"collection":[{"href":"https:\/\/analisisreig.cat\/es\/wp-json\/wp\/v2\/posts"}],"about":[{"href":"https:\/\/analisisreig.cat\/es\/wp-json\/wp\/v2\/types\/post"}],"author":[{"embeddable":true,"href":"https:\/\/analisisreig.cat\/es\/wp-json\/wp\/v2\/users\/1"}],"replies":[{"embeddable":true,"href":"https:\/\/analisisreig.cat\/es\/wp-json\/wp\/v2\/comments?post=3117"}],"version-history":[{"count":6,"href":"https:\/\/analisisreig.cat\/es\/wp-json\/wp\/v2\/posts\/3117\/revisions"}],"predecessor-version":[{"id":3125,"href":"https:\/\/analisisreig.cat\/es\/wp-json\/wp\/v2\/posts\/3117\/revisions\/3125"}],"wp:featuredmedia":[{"embeddable":true,"href":"https:\/\/analisisreig.cat\/es\/wp-json\/wp\/v2\/media\/2887"}],"wp:attachment":[{"href":"https:\/\/analisisreig.cat\/es\/wp-json\/wp\/v2\/media?parent=3117"}],"wp:term":[{"taxonomy":"category","embeddable":true,"href":"https:\/\/analisisreig.cat\/es\/wp-json\/wp\/v2\/categories?post=3117"},{"taxonomy":"post_tag","embeddable":true,"href":"https:\/\/analisisreig.cat\/es\/wp-json\/wp\/v2\/tags?post=3117"}],"curies":[{"name":"wp","href":"https:\/\/api.w.org\/{rel}","templated":true}]}}